{"id":17622,"date":"2024-11-30T18:24:32","date_gmt":"2024-11-30T16:24:32","guid":{"rendered":"https:\/\/ujpetre.hu\/wp\/?p=17622"},"modified":"2024-11-30T18:34:38","modified_gmt":"2024-11-30T16:34:38","slug":"az-ujpetrei-rozsafuzer-tarsulat-adventkoszontovel-egybekotott-szulinapot-tartott","status":"publish","type":"post","link":"https:\/\/ujpetre.hu\/wp\/az-ujpetrei-rozsafuzer-tarsulat-adventkoszontovel-egybekotott-szulinapot-tartott\/","title":{"rendered":"Az \u00dajpetrei R\u00f3zsaf\u00fcz\u00e9r T\u00e1rsulat Adventk\u00f6sz\u00f6nt\u0151vel egybek\u00f6t\u00f6tt sz\u00fclinapot tartott."},"content":{"rendered":"<h3 style=\"font-weight: 400;\"><a href=\"http:\/\/ujpetre.hu\/wp\/wp-content\/uploads\/2024\/11\/IMG_5068-scaled.jpeg\"><img decoding=\"async\" loading=\"lazy\" class=\"alignright wp-image-17632\" src=\"http:\/\/ujpetre.hu\/wp\/wp-content\/uploads\/2024\/11\/IMG_5068-scaled.jpeg\" alt=\"\" width=\"350\" height=\"267\" \/><\/a><a href=\"http:\/\/ujpetre.hu\/wp\/wp-content\/uploads\/2024\/11\/IMG_5055-scaled.jpeg\"><span style=\"color: #000000;\">Az \u00dajpetrei R\u00f3zsaf\u00fcz\u00e9r T\u00e1rsulat meglepet\u00e9s sz\u00fclinapot \u00e9s Adventk\u00f6sz\u00f6nt\u0151t tartott. <strong>\u00c1goston Atya 45.<\/strong> sz\u00fclet\u00e9snapj\u00e1t meglepet\u00e9s m\u0171sorral \u00fcnnepelt\u00e9k, term\u00e9szetesen a rendezv\u00e9ny hagyom\u00e1nyosan egy \u201eR\u00f3zsaf\u00fcz\u00e9r-im\u00e1ds\u00e1ggal\u201d kezd\u0151d\u00f6tt. A rendezv\u00e9ny z\u00e1r\u00e1sak\u00e9nt egy \u201eAgap\u00e9vel\u201d kedveskedtek &nbsp;a megjelent vend\u00e9geknek.<\/span><\/a><a href=\"http:\/\/ujpetre.hu\/wp\/wp-content\/uploads\/2024\/11\/IMG_5055-scaled.jpeg\"><img decoding=\"async\" loading=\"lazy\" class=\"alignnone wp-image-17623\" src=\"http:\/\/ujpetre.hu\/wp\/wp-content\/uploads\/2024\/11\/IMG_5055-scaled.jpeg\" alt=\"\" width=\"299\" height=\"228\" \/><\/a> <a href=\"http:\/\/ujpetre.hu\/wp\/wp-content\/uploads\/2024\/11\/IMG_5058-scaled.jpeg\"><img decoding=\"async\" loading=\"lazy\" class=\"alignnone wp-image-17626\" src=\"http:\/\/ujpetre.hu\/wp\/wp-content\/uploads\/2024\/11\/IMG_5058-scaled.jpeg\" alt=\"\" width=\"290\" height=\"221\" \/><\/a> <a href=\"http:\/\/ujpetre.hu\/wp\/wp-content\/uploads\/2024\/11\/IMG_5059-scaled.jpeg\"><img decoding=\"async\" loading=\"lazy\" class=\"alignnone wp-image-17627\" src=\"http:\/\/ujpetre.hu\/wp\/wp-content\/uploads\/2024\/11\/IMG_5059-scaled.jpeg\" alt=\"\" width=\"315\" height=\"240\" \/><\/a> <a href=\"http:\/\/ujpetre.hu\/wp\/wp-content\/uploads\/2024\/11\/IMG_5062-scaled.jpeg\"><img decoding=\"async\" loading=\"lazy\" class=\"alignnone wp-image-17629\" src=\"http:\/\/ujpetre.hu\/wp\/wp-content\/uploads\/2024\/11\/IMG_5062-scaled.jpeg\" alt=\"\" width=\"298\" height=\"228\" \/><\/a> <a href=\"http:\/\/ujpetre.hu\/wp\/wp-content\/uploads\/2024\/11\/IMG_5064-scaled.jpeg\"><img decoding=\"async\" loading=\"lazy\" class=\"alignnone wp-image-17630\" src=\"http:\/\/ujpetre.hu\/wp\/wp-content\/uploads\/2024\/11\/IMG_5064-scaled.jpeg\" alt=\"\" width=\"290\" height=\"220\" \/><\/a> <a href=\"http:\/\/ujpetre.hu\/wp\/wp-content\/uploads\/2024\/11\/IMG_5067-scaled.jpeg\"><img decoding=\"async\" loading=\"lazy\" class=\"alignnone wp-image-17631\" src=\"http:\/\/ujpetre.hu\/wp\/wp-content\/uploads\/2024\/11\/IMG_5067-scaled.jpeg\" alt=\"\" width=\"288\" height=\"219\" \/><\/a><a href=\"http:\/\/ujpetre.hu\/wp\/wp-content\/uploads\/2024\/11\/IMG_5070-scaled.jpeg\"><img decoding=\"async\" loading=\"lazy\" class=\"alignnone wp-image-17633\" src=\"http:\/\/ujpetre.hu\/wp\/wp-content\/uploads\/2024\/11\/IMG_5070-scaled.jpeg\" alt=\"\" width=\"290\" height=\"220\" \/><\/a> <a href=\"http:\/\/ujpetre.hu\/wp\/wp-content\/uploads\/2024\/11\/IMG_5072-scaled.jpeg\"><img decoding=\"async\" loading=\"lazy\" class=\"alignnone wp-image-17634\" src=\"http:\/\/ujpetre.hu\/wp\/wp-content\/uploads\/2024\/11\/IMG_5072-scaled.jpeg\" alt=\"\" width=\"297\" height=\"227\" \/><\/a> <a href=\"http:\/\/ujpetre.hu\/wp\/wp-content\/uploads\/2024\/11\/IMG_5073-scaled.jpeg\"><img decoding=\"async\" loading=\"lazy\" class=\"alignnone wp-image-17635\" src=\"http:\/\/ujpetre.hu\/wp\/wp-content\/uploads\/2024\/11\/IMG_5073-scaled.jpeg\" alt=\"\" width=\"545\" height=\"416\" \/><\/a><\/h3>\n","protected":false},"excerpt":{"rendered":"<p>Az \u00dajpetrei R\u00f3zsaf\u00fcz\u00e9r T\u00e1rsulat meglepet\u00e9s sz\u00fclinapot \u00e9s Adventk\u00f6sz\u00f6nt\u0151t tartott. \u00c1goston Atya 45. sz\u00fclet\u00e9snapj\u00e1t meglepet\u00e9s m\u0171sorral \u00fcnnepelt\u00e9k, term\u00e9szetesen a rendezv\u00e9ny hagyom\u00e1nyosan egy \u201eR\u00f3zsaf\u00fcz\u00e9r-im\u00e1ds\u00e1ggal\u201d kezd\u0151d\u00f6tt. A rendezv\u00e9ny z\u00e1r\u00e1sak\u00e9nt egy \u201eAgap\u00e9vel\u201d kedveskedtek &nbsp;a megjelent vend\u00e9geknek. &hellip; <a class=\"more-link\" href=\"https:\/\/ujpetre.hu\/wp\/az-ujpetrei-rozsafuzer-tarsulat-adventkoszontovel-egybekotott-szulinapot-tartott\/\">Olvasd tov\u00e1bb <span class=\"meta-nav\">&rarr;<\/span><\/a><\/p>\n","protected":false},"author":3,"featured_media":0,"comment_status":"closed","ping_status":"open","sticky":false,"template":"","format":"standard","meta":{"ngg_post_thumbnail":0,"footnotes":""},"categories":[3],"tags":[],"yoast_head":"<!-- This site is optimized with the Yoast SEO plugin v21.3 - https:\/\/yoast.com\/wordpress\/plugins\/seo\/ -->\n<title>Az \u00dajpetrei R\u00f3zsaf\u00fcz\u00e9r T\u00e1rsulat Adventk\u00f6sz\u00f6nt\u0151vel egybek\u00f6t\u00f6tt sz\u00fclinapot tartott. - \u00daJPETRE<\/title>\n<meta name=\"robots\" content=\"index, follow, max-snippet:-1, max-image-preview:large, max-video-preview:-1\" \/>\n<link rel=\"canonical\" href=\"https:\/\/ujpetre.hu\/wp\/az-ujpetrei-rozsafuzer-tarsulat-adventkoszontovel-egybekotott-szulinapot-tartott\/\" \/>\n<meta property=\"og:locale\" content=\"hu_HU\" \/>\n<meta property=\"og:type\" content=\"article\" \/>\n<meta property=\"og:title\" content=\"Az \u00dajpetrei R\u00f3zsaf\u00fcz\u00e9r T\u00e1rsulat Adventk\u00f6sz\u00f6nt\u0151vel egybek\u00f6t\u00f6tt sz\u00fclinapot tartott. - \u00daJPETRE\" \/>\n<meta property=\"og:description\" content=\"Az \u00dajpetrei R\u00f3zsaf\u00fcz\u00e9r T\u00e1rsulat meglepet\u00e9s sz\u00fclinapot \u00e9s Adventk\u00f6sz\u00f6nt\u0151t tartott. \u00c1goston Atya 45. sz\u00fclet\u00e9snapj\u00e1t meglepet\u00e9s m\u0171sorral \u00fcnnepelt\u00e9k, term\u00e9szetesen a rendezv\u00e9ny hagyom\u00e1nyosan egy \u201eR\u00f3zsaf\u00fcz\u00e9r-im\u00e1ds\u00e1ggal\u201d kezd\u0151d\u00f6tt. A rendezv\u00e9ny z\u00e1r\u00e1sak\u00e9nt egy \u201eAgap\u00e9vel\u201d kedveskedtek &nbsp;a megjelent vend\u00e9geknek. &hellip; Olvasd tov\u00e1bb &rarr;\" \/>\n<meta property=\"og:url\" content=\"https:\/\/ujpetre.hu\/wp\/az-ujpetrei-rozsafuzer-tarsulat-adventkoszontovel-egybekotott-szulinapot-tartott\/\" \/>\n<meta property=\"og:site_name\" content=\"\u00daJPETRE\" \/>\n<meta property=\"article:published_time\" content=\"2024-11-30T16:24:32+00:00\" \/>\n<meta property=\"article:modified_time\" content=\"2024-11-30T16:34:38+00:00\" \/>\n<meta property=\"og:image\" content=\"http:\/\/ujpetre.hu\/wp\/wp-content\/uploads\/2024\/11\/IMG_5068-scaled.jpeg\" \/>\n<meta name=\"author\" content=\"czisti\" \/>\n<meta name=\"twitter:label1\" content=\"Szerz\u0151:\" \/>\n\t<meta name=\"twitter:data1\" content=\"czisti\" \/>\n\t<meta name=\"twitter:label2\" content=\"Becs\u00fclt olvas\u00e1si id\u0151\" \/>\n\t<meta name=\"twitter:data2\" content=\"3 perc\" \/>\n<script type=\"application\/ld+json\" class=\"yoast-schema-graph\">{\"@context\":\"https:\/\/schema.org\",\"@graph\":[{\"@type\":\"WebPage\",\"@id\":\"https:\/\/ujpetre.hu\/wp\/az-ujpetrei-rozsafuzer-tarsulat-adventkoszontovel-egybekotott-szulinapot-tartott\/\",\"url\":\"https:\/\/ujpetre.hu\/wp\/az-ujpetrei-rozsafuzer-tarsulat-adventkoszontovel-egybekotott-szulinapot-tartott\/\",\"name\":\"Az \u00dajpetrei R\u00f3zsaf\u00fcz\u00e9r T\u00e1rsulat Adventk\u00f6sz\u00f6nt\u0151vel egybek\u00f6t\u00f6tt sz\u00fclinapot tartott. - \u00daJPETRE\",\"isPartOf\":{\"@id\":\"https:\/\/ujpetre.hu\/wp\/#website\"},\"datePublished\":\"2024-11-30T16:24:32+00:00\",\"dateModified\":\"2024-11-30T16:34:38+00:00\",\"author\":{\"@id\":\"https:\/\/ujpetre.hu\/wp\/#\/schema\/person\/d097444a11812d297a6dd48ed05c9215\"},\"breadcrumb\":{\"@id\":\"https:\/\/ujpetre.hu\/wp\/az-ujpetrei-rozsafuzer-tarsulat-adventkoszontovel-egybekotott-szulinapot-tartott\/#breadcrumb\"},\"inLanguage\":\"hu\",\"potentialAction\":[{\"@type\":\"ReadAction\",\"target\":[\"https:\/\/ujpetre.hu\/wp\/az-ujpetrei-rozsafuzer-tarsulat-adventkoszontovel-egybekotott-szulinapot-tartott\/\"]}]},{\"@type\":\"BreadcrumbList\",\"@id\":\"https:\/\/ujpetre.hu\/wp\/az-ujpetrei-rozsafuzer-tarsulat-adventkoszontovel-egybekotott-szulinapot-tartott\/#breadcrumb\",\"itemListElement\":[{\"@type\":\"ListItem\",\"position\":1,\"name\":\"Kezd\u0151lap\",\"item\":\"https:\/\/ujpetre.hu\/wp\/\"},{\"@type\":\"ListItem\",\"position\":2,\"name\":\"Az \u00dajpetrei R\u00f3zsaf\u00fcz\u00e9r T\u00e1rsulat Adventk\u00f6sz\u00f6nt\u0151vel egybek\u00f6t\u00f6tt sz\u00fclinapot tartott.\"}]},{\"@type\":\"WebSite\",\"@id\":\"https:\/\/ujpetre.hu\/wp\/#website\",\"url\":\"https:\/\/ujpetre.hu\/wp\/\",\"name\":\"\u00daJPETRE\",\"description\":\"Az \u00dajpetrei \u00d6nkorm\u00e1nyzat hivatalos weboldala\",\"potentialAction\":[{\"@type\":\"SearchAction\",\"target\":{\"@type\":\"EntryPoint\",\"urlTemplate\":\"https:\/\/ujpetre.hu\/wp\/?s={search_term_string}\"},\"query-input\":\"required name=search_term_string\"}],\"inLanguage\":\"hu\"},{\"@type\":\"Person\",\"@id\":\"https:\/\/ujpetre.hu\/wp\/#\/schema\/person\/d097444a11812d297a6dd48ed05c9215\",\"name\":\"czisti\",\"image\":{\"@type\":\"ImageObject\",\"inLanguage\":\"hu\",\"@id\":\"https:\/\/ujpetre.hu\/wp\/#\/schema\/person\/image\/\",\"url\":\"https:\/\/secure.gravatar.com\/avatar\/7d8c21ef06a829a17302e5cb791522a8?s=96&d=mm&r=g\",\"contentUrl\":\"https:\/\/secure.gravatar.com\/avatar\/7d8c21ef06a829a17302e5cb791522a8?s=96&d=mm&r=g\",\"caption\":\"czisti\"},\"url\":\"https:\/\/ujpetre.hu\/wp\/author\/czisti\/\"}]}<\/script>\n<!-- \/ Yoast SEO plugin. -->","yoast_head_json":{"title":"Az \u00dajpetrei R\u00f3zsaf\u00fcz\u00e9r T\u00e1rsulat Adventk\u00f6sz\u00f6nt\u0151vel egybek\u00f6t\u00f6tt sz\u00fclinapot tartott. - \u00daJPETRE","robots":{"index":"index","follow":"follow","max-snippet":"max-snippet:-1","max-image-preview":"max-image-preview:large","max-video-preview":"max-video-preview:-1"},"canonical":"https:\/\/ujpetre.hu\/wp\/az-ujpetrei-rozsafuzer-tarsulat-adventkoszontovel-egybekotott-szulinapot-tartott\/","og_locale":"hu_HU","og_type":"article","og_title":"Az \u00dajpetrei R\u00f3zsaf\u00fcz\u00e9r T\u00e1rsulat Adventk\u00f6sz\u00f6nt\u0151vel egybek\u00f6t\u00f6tt sz\u00fclinapot tartott. - \u00daJPETRE","og_description":"Az \u00dajpetrei R\u00f3zsaf\u00fcz\u00e9r T\u00e1rsulat meglepet\u00e9s sz\u00fclinapot \u00e9s Adventk\u00f6sz\u00f6nt\u0151t tartott. \u00c1goston Atya 45. sz\u00fclet\u00e9snapj\u00e1t meglepet\u00e9s m\u0171sorral \u00fcnnepelt\u00e9k, term\u00e9szetesen a rendezv\u00e9ny hagyom\u00e1nyosan egy \u201eR\u00f3zsaf\u00fcz\u00e9r-im\u00e1ds\u00e1ggal\u201d kezd\u0151d\u00f6tt. A rendezv\u00e9ny z\u00e1r\u00e1sak\u00e9nt egy \u201eAgap\u00e9vel\u201d kedveskedtek &nbsp;a megjelent vend\u00e9geknek. &hellip; Olvasd tov\u00e1bb &rarr;","og_url":"https:\/\/ujpetre.hu\/wp\/az-ujpetrei-rozsafuzer-tarsulat-adventkoszontovel-egybekotott-szulinapot-tartott\/","og_site_name":"\u00daJPETRE","article_published_time":"2024-11-30T16:24:32+00:00","article_modified_time":"2024-11-30T16:34:38+00:00","og_image":[{"url":"http:\/\/ujpetre.hu\/wp\/wp-content\/uploads\/2024\/11\/IMG_5068-scaled.jpeg"}],"author":"czisti","twitter_misc":{"Szerz\u0151:":"czisti","Becs\u00fclt olvas\u00e1si id\u0151":"3 perc"},"schema":{"@context":"https:\/\/schema.org","@graph":[{"@type":"WebPage","@id":"https:\/\/ujpetre.hu\/wp\/az-ujpetrei-rozsafuzer-tarsulat-adventkoszontovel-egybekotott-szulinapot-tartott\/","url":"https:\/\/ujpetre.hu\/wp\/az-ujpetrei-rozsafuzer-tarsulat-adventkoszontovel-egybekotott-szulinapot-tartott\/","name":"Az \u00dajpetrei R\u00f3zsaf\u00fcz\u00e9r T\u00e1rsulat Adventk\u00f6sz\u00f6nt\u0151vel egybek\u00f6t\u00f6tt sz\u00fclinapot tartott. - \u00daJPETRE","isPartOf":{"@id":"https:\/\/ujpetre.hu\/wp\/#website"},"datePublished":"2024-11-30T16:24:32+00:00","dateModified":"2024-11-30T16:34:38+00:00","author":{"@id":"https:\/\/ujpetre.hu\/wp\/#\/schema\/person\/d097444a11812d297a6dd48ed05c9215"},"breadcrumb":{"@id":"https:\/\/ujpetre.hu\/wp\/az-ujpetrei-rozsafuzer-tarsulat-adventkoszontovel-egybekotott-szulinapot-tartott\/#breadcrumb"},"inLanguage":"hu","potentialAction":[{"@type":"ReadAction","target":["https:\/\/ujpetre.hu\/wp\/az-ujpetrei-rozsafuzer-tarsulat-adventkoszontovel-egybekotott-szulinapot-tartott\/"]}]},{"@type":"BreadcrumbList","@id":"https:\/\/ujpetre.hu\/wp\/az-ujpetrei-rozsafuzer-tarsulat-adventkoszontovel-egybekotott-szulinapot-tartott\/#breadcrumb","itemListElement":[{"@type":"ListItem","position":1,"name":"Kezd\u0151lap","item":"https:\/\/ujpetre.hu\/wp\/"},{"@type":"ListItem","position":2,"name":"Az \u00dajpetrei R\u00f3zsaf\u00fcz\u00e9r T\u00e1rsulat Adventk\u00f6sz\u00f6nt\u0151vel egybek\u00f6t\u00f6tt sz\u00fclinapot tartott."}]},{"@type":"WebSite","@id":"https:\/\/ujpetre.hu\/wp\/#website","url":"https:\/\/ujpetre.hu\/wp\/","name":"\u00daJPETRE","description":"Az \u00dajpetrei \u00d6nkorm\u00e1nyzat hivatalos weboldala","potentialAction":[{"@type":"SearchAction","target":{"@type":"EntryPoint","urlTemplate":"https:\/\/ujpetre.hu\/wp\/?s={search_term_string}"},"query-input":"required name=search_term_string"}],"inLanguage":"hu"},{"@type":"Person","@id":"https:\/\/ujpetre.hu\/wp\/#\/schema\/person\/d097444a11812d297a6dd48ed05c9215","name":"czisti","image":{"@type":"ImageObject","inLanguage":"hu","@id":"https:\/\/ujpetre.hu\/wp\/#\/schema\/person\/image\/","url":"https:\/\/secure.gravatar.com\/avatar\/7d8c21ef06a829a17302e5cb791522a8?s=96&d=mm&r=g","contentUrl":"https:\/\/secure.gravatar.com\/avatar\/7d8c21ef06a829a17302e5cb791522a8?s=96&d=mm&r=g","caption":"czisti"},"url":"https:\/\/ujpetre.hu\/wp\/author\/czisti\/"}]}},"_links":{"self":[{"href":"https:\/\/ujpetre.hu\/wp\/wp-json\/wp\/v2\/posts\/17622"}],"collection":[{"href":"https:\/\/ujpetre.hu\/wp\/wp-json\/wp\/v2\/posts"}],"about":[{"href":"https:\/\/ujpetre.hu\/wp\/wp-json\/wp\/v2\/types\/post"}],"author":[{"embeddable":true,"href":"https:\/\/ujpetre.hu\/wp\/wp-json\/wp\/v2\/users\/3"}],"replies":[{"embeddable":true,"href":"https:\/\/ujpetre.hu\/wp\/wp-json\/wp\/v2\/comments?post=17622"}],"version-history":[{"count":6,"href":"https:\/\/ujpetre.hu\/wp\/wp-json\/wp\/v2\/posts\/17622\/revisions"}],"predecessor-version":[{"id":17641,"href":"https:\/\/ujpetre.hu\/wp\/wp-json\/wp\/v2\/posts\/17622\/revisions\/17641"}],"wp:attachment":[{"href":"https:\/\/ujpetre.hu\/wp\/wp-json\/wp\/v2\/media?parent=17622"}],"wp:term":[{"taxonomy":"category","embeddable":true,"href":"https:\/\/ujpetre.hu\/wp\/wp-json\/wp\/v2\/categories?post=17622"},{"taxonomy":"post_tag","embeddable":true,"href":"https:\/\/ujpetre.hu\/wp\/wp-json\/wp\/v2\/tags?post=17622"}],"curies":[{"name":"wp","href":"https:\/\/api.w.org\/{rel}","templated":true}]}}