{"id":2502,"date":"2012-11-05T14:38:50","date_gmt":"2012-11-05T12:38:50","guid":{"rendered":"http:\/\/ujpetre.hu\/wp\/?p=2502"},"modified":"2014-10-05T14:46:47","modified_gmt":"2014-10-05T12:46:47","slug":"ebek-osszeirasara","status":"publish","type":"post","link":"https:\/\/ujpetre.hu\/wp\/ebek-osszeirasara\/","title":{"rendered":"Ebek \u00f6ssze\u00edr\u00e1s\u00e1ra"},"content":{"rendered":"<p><strong>Tisztelt Ebtart\u00f3!<a href=\"http:\/\/ujpetre.hu\/wp\/wp-content\/uploads\/2014\/10\/kutya.gif\"><img decoding=\"async\" loading=\"lazy\" class=\"alignleft wp-image-2504 size-medium\" src=\"http:\/\/ujpetre.hu\/wp\/wp-content\/uploads\/2014\/10\/kutya-300x210.gif\" alt=\"kutya\" width=\"300\" height=\"210\" \/><\/a><\/strong><\/p>\n<p>\u00dajpetre ter\u00fclet\u00e9n az \u00e1llatok v\u00e9delm\u00e9r\u0151l \u00e9s k\u00edm\u00e9let\u00e9r\u0151l sz\u00f3l\u00f3 1998. \u00e9vi XXVIII. t\u00f6rv\u00e9ny 42\/B \u00a7-a alapj\u00e1n ker\u00fcl sor az ebek \u00f6ssze\u00edr\u00e1s\u00e1ra a jogszab\u00e1lyban meghat\u00e1rozott adattartalommal.<\/p>\n<p>A telep\u00fcl\u00e9si \u00f6nkorm\u00e1nyzat az eb\u00f6ssze\u00edr\u00e1s alapj\u00e1n az ebtart\u00f3k \u00e1ltal szolg\u00e1ltatott adatokr\u00f3l helyi elektronikus nyilv\u00e1ntart\u00e1st k\u00f6teles vezetni, az \u00e1llat tulajdonosa, tart\u00f3ja \u00e9s m\u00e1s szem\u00e9lyek jogainak, szem\u00e9lyes biztons\u00e1g\u00e1nak \u00e9s tulajdon\u00e1nak v\u00e9delme, valamint ebrend\u00e9szeti \u00e9s \u00e1llatv\u00e9delmi feladatainak hat\u00e9kony ell\u00e1t\u00e1sa c\u00e9lj\u00e1b\u00f3l.<\/p>\n<p><strong>Az eb tulajdonosa, vagy az eb tart\u00f3ja az eb\u00f6ssze\u00edr\u00e1skor k\u00f6teles az adatlapon felt\u00fcntetett adatokat a telep\u00fcl\u00e9si \u00f6nkorm\u00e1nyzat rendelkez\u00e9s\u00e9re bocs\u00e1tani.<\/strong><\/p>\n<p><em><strong>T\u00e1j\u00e9koztat\u00e1sul jelezz\u00fck, hogy \u00dajpetre K\u00f6zs\u00e9g \u00d6nkorm\u00e1nyzata az eb\u00f6ssze\u00edr\u00e1s adatai alapj\u00e1n jelenleg nem tervezi az ebrend\u00e9szeti hozz\u00e1j\u00e1rul\u00e1s bevezet\u00e9s\u00e9t.<\/strong><\/em><\/p>\n<p>Az eb\u00f6ssze\u00edr\u00f3 adatlap \u00e1tvehet\u0151 a K\u00f6zs\u00e9gh\u00e1z\u00e1n, tov\u00e1bb\u00e1 let\u00f6lthet\u0151 a telep\u00fcl\u00e9s honlapj\u00e1r\u00f3l. \/L\u00e1sd cikk v\u00e9ge\/<\/p>\n<p>Az eb\u00f6ssze\u00edr\u00f3 adatlapot ebenk\u00e9nt kell kit\u00f6lteni \u00e9s eljuttatni a Hivatal r\u00e9sz\u00e9re az al\u00e1bbi m\u00f3dokon:<\/p>\n<p>&#8211;\u00a0\u00a0\u00a0\u00a0\u00a0\u00a0\u00a0\u00a0\u00a0lev\u00e9lben postai \u00faton,<\/p>\n<p>&#8211;\u00a0\u00a0\u00a0\u00a0\u00a0\u00a0\u00a0\u00a0\u00a0az \u00fcgyf\u00e9lszolg\u00e1laton szem\u00e9lyesen,<\/p>\n<p>&nbsp;<\/p>\n<p>Az eb\u00f6ssze\u00edr\u00f3 adatlapok lead\u00e1s\u00e1nak hat\u00e1rideje:\u00a0<strong>2012. december 15.<\/strong><\/p>\n<p><em><strong>\u00a0\u00dajpetre K\u00f6zs\u00e9g \u00d6nkorm\u00e1nyzata\u00a0<\/strong><\/em><\/p>\n<h2><strong>Kit\u00f6lt\u00e9si \u00datmutat\u00f3\u00a0<\/strong><\/h2>\n<p>Az I. pont eset\u00e9ben az eb tulajdonosa lehet ugyanaz, mint az ebtart\u00f3, de el is t\u00e9rhet a k\u00e9t szem\u00e9ly.<\/p>\n<p>&nbsp;<\/p>\n<p>A II. pontn\u00e1l az eb fajt\u00e1ja a t\u00f6rzsk\u00f6nyv alapj\u00e1n, vagy az eb k\u00fclleme alapj\u00e1n azonos\u00edthat\u00f3 be, de meg nem hat\u00e1rozhat\u00f3 fajtajellegek hi\u00e1ny\u00e1ban \u201ekever\u00e9k\u201d megjel\u00f6l\u00e9st kell be\u00edrni.<\/p>\n<p>&nbsp;<\/p>\n<p>A III. pontn\u00e1l a transzponderes (mikrochip) jel\u00f6l\u00e9st v\u00e9grehajt\u00f3 \u00e1llatorvos \u00e1ltal kibocs\u00e1tott okm\u00e1nyon felt\u00fcntetett mikrochip sorsz\u00e1m\u00e1t kell be\u00edrni, ezen, illetve a pecs\u00e9tlenyomaton szerepel a be\u00fcltet\u00e9st v\u00e9gz\u0151 \u00e1llatorvos neve \u00e9s a kamarai b\u00e9lyegz\u0151j\u00e9nek sz\u00e1ma is. Ugyanez vonatkozik az ivartalan\u00edt\u00e1sra \u00e9s a kis\u00e1llat\u00fatlev\u00e9l ki\u00e1ll\u00edt\u00e1s\u00e1ra is.<\/p>\n<p>&nbsp;<\/p>\n<p>A IV. pont az \u00e1llatorvos \u00e1ltal az ebolt\u00e1si k\u00f6nyvben r\u00f6gz\u00edtett adatok alapj\u00e1n t\u00f6lthet\u0151 ki, amellyel m\u00e1r minden ebtart\u00f3nak rendelkeznie kell.<\/p>\n<p>&nbsp;<\/p>\n<p>Az V. Egy\u00e9b adatok pontj\u00e1ban kell a helyes v\u00e1lasz bekarik\u00e1z\u00e1s\u00e1val megjel\u00f6lni\u00a0a veszetts\u00e9g szempontj\u00e1b\u00f3l agg\u00e1lyos eb megfigyel\u00e9si st\u00e1tusz\u00e1t, azaz, hogy az eb megfigyel\u00e9s alatt \u00e1ll, vagy sem, illetve az eb vesz\u00e9lyess\u00e9 lett-e min\u0151s\u00edtve, vagy nem.<\/p>\n<p>A nyomtatv\u00e1ny let\u00f6lt\u00e9s\u00e9hez kattintson a PDF f\u00e1jlra:<\/p>\n<p><span style=\"color: #0000ff;\"><em><strong><a href=\"http:\/\/ujpetre.hu\/wp\/wp-content\/uploads\/2014\/10\/ebosszerioadatlap2012.pdf\"><span style=\"color: #0000ff;\">ebosszerioadatlap2012<\/span><\/a><\/strong><\/em><\/span><\/p>\n","protected":false},"excerpt":{"rendered":"<p>Tisztelt Ebtart\u00f3! \u00dajpetre ter\u00fclet\u00e9n az \u00e1llatok v\u00e9delm\u00e9r\u0151l \u00e9s k\u00edm\u00e9let\u00e9r\u0151l sz\u00f3l\u00f3 1998. \u00e9vi XXVIII. t\u00f6rv\u00e9ny 42\/B \u00a7-a alapj\u00e1n ker\u00fcl sor az ebek \u00f6ssze\u00edr\u00e1s\u00e1ra a jogszab\u00e1lyban meghat\u00e1rozott adattartalommal. A telep\u00fcl\u00e9si \u00f6nkorm\u00e1nyzat az eb\u00f6ssze\u00edr\u00e1s alapj\u00e1n az ebtart\u00f3k \u00e1ltal szolg\u00e1ltatott adatokr\u00f3l helyi elektronikus nyilv\u00e1ntart\u00e1st &hellip; <a class=\"more-link\" href=\"https:\/\/ujpetre.hu\/wp\/ebek-osszeirasara\/\">Olvasd tov\u00e1bb <span class=\"meta-nav\">&rarr;<\/span><\/a><\/p>\n","protected":false},"author":3,"featured_media":0,"comment_status":"closed","ping_status":"open","sticky":false,"template":"","format":"standard","meta":{"ngg_post_thumbnail":0,"footnotes":""},"categories":[3,19],"tags":[],"yoast_head":"<!-- This site is optimized with the Yoast SEO plugin v21.3 - https:\/\/yoast.com\/wordpress\/plugins\/seo\/ -->\n<title>Ebek \u00f6ssze\u00edr\u00e1s\u00e1ra - \u00daJPETRE<\/title>\n<meta name=\"robots\" content=\"index, follow, max-snippet:-1, max-image-preview:large, max-video-preview:-1\" \/>\n<link rel=\"canonical\" href=\"https:\/\/ujpetre.hu\/wp\/ebek-osszeirasara\/\" \/>\n<meta property=\"og:locale\" content=\"hu_HU\" \/>\n<meta property=\"og:type\" content=\"article\" \/>\n<meta property=\"og:title\" content=\"Ebek \u00f6ssze\u00edr\u00e1s\u00e1ra - \u00daJPETRE\" \/>\n<meta property=\"og:description\" content=\"Tisztelt Ebtart\u00f3! \u00dajpetre ter\u00fclet\u00e9n az \u00e1llatok v\u00e9delm\u00e9r\u0151l \u00e9s k\u00edm\u00e9let\u00e9r\u0151l sz\u00f3l\u00f3 1998. \u00e9vi XXVIII. t\u00f6rv\u00e9ny 42\/B \u00a7-a alapj\u00e1n ker\u00fcl sor az ebek \u00f6ssze\u00edr\u00e1s\u00e1ra a jogszab\u00e1lyban meghat\u00e1rozott adattartalommal. A telep\u00fcl\u00e9si \u00f6nkorm\u00e1nyzat az eb\u00f6ssze\u00edr\u00e1s alapj\u00e1n az ebtart\u00f3k \u00e1ltal szolg\u00e1ltatott adatokr\u00f3l helyi elektronikus nyilv\u00e1ntart\u00e1st &hellip; Olvasd tov\u00e1bb &rarr;\" \/>\n<meta property=\"og:url\" content=\"https:\/\/ujpetre.hu\/wp\/ebek-osszeirasara\/\" \/>\n<meta property=\"og:site_name\" content=\"\u00daJPETRE\" \/>\n<meta property=\"article:published_time\" content=\"2012-11-05T12:38:50+00:00\" \/>\n<meta property=\"article:modified_time\" content=\"2014-10-05T12:46:47+00:00\" \/>\n<meta property=\"og:image\" content=\"http:\/\/ujpetre.hu\/wp\/wp-content\/uploads\/2014\/10\/kutya-300x210.gif\" \/>\n<meta name=\"author\" content=\"czisti\" \/>\n<meta name=\"twitter:label1\" content=\"Szerz\u0151:\" \/>\n\t<meta name=\"twitter:data1\" content=\"czisti\" \/>\n\t<meta name=\"twitter:label2\" content=\"Becs\u00fclt olvas\u00e1si id\u0151\" \/>\n\t<meta name=\"twitter:data2\" content=\"2 perc\" \/>\n<script type=\"application\/ld+json\" class=\"yoast-schema-graph\">{\"@context\":\"https:\/\/schema.org\",\"@graph\":[{\"@type\":\"WebPage\",\"@id\":\"https:\/\/ujpetre.hu\/wp\/ebek-osszeirasara\/\",\"url\":\"https:\/\/ujpetre.hu\/wp\/ebek-osszeirasara\/\",\"name\":\"Ebek \u00f6ssze\u00edr\u00e1s\u00e1ra - \u00daJPETRE\",\"isPartOf\":{\"@id\":\"https:\/\/ujpetre.hu\/wp\/#website\"},\"datePublished\":\"2012-11-05T12:38:50+00:00\",\"dateModified\":\"2014-10-05T12:46:47+00:00\",\"author\":{\"@id\":\"https:\/\/ujpetre.hu\/wp\/#\/schema\/person\/d097444a11812d297a6dd48ed05c9215\"},\"breadcrumb\":{\"@id\":\"https:\/\/ujpetre.hu\/wp\/ebek-osszeirasara\/#breadcrumb\"},\"inLanguage\":\"hu\",\"potentialAction\":[{\"@type\":\"ReadAction\",\"target\":[\"https:\/\/ujpetre.hu\/wp\/ebek-osszeirasara\/\"]}]},{\"@type\":\"BreadcrumbList\",\"@id\":\"https:\/\/ujpetre.hu\/wp\/ebek-osszeirasara\/#breadcrumb\",\"itemListElement\":[{\"@type\":\"ListItem\",\"position\":1,\"name\":\"Kezd\u0151lap\",\"item\":\"https:\/\/ujpetre.hu\/wp\/\"},{\"@type\":\"ListItem\",\"position\":2,\"name\":\"Ebek \u00f6ssze\u00edr\u00e1s\u00e1ra\"}]},{\"@type\":\"WebSite\",\"@id\":\"https:\/\/ujpetre.hu\/wp\/#website\",\"url\":\"https:\/\/ujpetre.hu\/wp\/\",\"name\":\"\u00daJPETRE\",\"description\":\"Az \u00dajpetrei \u00d6nkorm\u00e1nyzat hivatalos weboldala\",\"potentialAction\":[{\"@type\":\"SearchAction\",\"target\":{\"@type\":\"EntryPoint\",\"urlTemplate\":\"https:\/\/ujpetre.hu\/wp\/?s={search_term_string}\"},\"query-input\":\"required name=search_term_string\"}],\"inLanguage\":\"hu\"},{\"@type\":\"Person\",\"@id\":\"https:\/\/ujpetre.hu\/wp\/#\/schema\/person\/d097444a11812d297a6dd48ed05c9215\",\"name\":\"czisti\",\"image\":{\"@type\":\"ImageObject\",\"inLanguage\":\"hu\",\"@id\":\"https:\/\/ujpetre.hu\/wp\/#\/schema\/person\/image\/\",\"url\":\"https:\/\/secure.gravatar.com\/avatar\/7d8c21ef06a829a17302e5cb791522a8?s=96&d=mm&r=g\",\"contentUrl\":\"https:\/\/secure.gravatar.com\/avatar\/7d8c21ef06a829a17302e5cb791522a8?s=96&d=mm&r=g\",\"caption\":\"czisti\"},\"url\":\"https:\/\/ujpetre.hu\/wp\/author\/czisti\/\"}]}<\/script>\n<!-- \/ Yoast SEO plugin. -->","yoast_head_json":{"title":"Ebek \u00f6ssze\u00edr\u00e1s\u00e1ra - \u00daJPETRE","robots":{"index":"index","follow":"follow","max-snippet":"max-snippet:-1","max-image-preview":"max-image-preview:large","max-video-preview":"max-video-preview:-1"},"canonical":"https:\/\/ujpetre.hu\/wp\/ebek-osszeirasara\/","og_locale":"hu_HU","og_type":"article","og_title":"Ebek \u00f6ssze\u00edr\u00e1s\u00e1ra - \u00daJPETRE","og_description":"Tisztelt Ebtart\u00f3! \u00dajpetre ter\u00fclet\u00e9n az \u00e1llatok v\u00e9delm\u00e9r\u0151l \u00e9s k\u00edm\u00e9let\u00e9r\u0151l sz\u00f3l\u00f3 1998. \u00e9vi XXVIII. t\u00f6rv\u00e9ny 42\/B \u00a7-a alapj\u00e1n ker\u00fcl sor az ebek \u00f6ssze\u00edr\u00e1s\u00e1ra a jogszab\u00e1lyban meghat\u00e1rozott adattartalommal. A telep\u00fcl\u00e9si \u00f6nkorm\u00e1nyzat az eb\u00f6ssze\u00edr\u00e1s alapj\u00e1n az ebtart\u00f3k \u00e1ltal szolg\u00e1ltatott adatokr\u00f3l helyi elektronikus nyilv\u00e1ntart\u00e1st &hellip; Olvasd tov\u00e1bb &rarr;","og_url":"https:\/\/ujpetre.hu\/wp\/ebek-osszeirasara\/","og_site_name":"\u00daJPETRE","article_published_time":"2012-11-05T12:38:50+00:00","article_modified_time":"2014-10-05T12:46:47+00:00","og_image":[{"url":"http:\/\/ujpetre.hu\/wp\/wp-content\/uploads\/2014\/10\/kutya-300x210.gif"}],"author":"czisti","twitter_misc":{"Szerz\u0151:":"czisti","Becs\u00fclt olvas\u00e1si id\u0151":"2 perc"},"schema":{"@context":"https:\/\/schema.org","@graph":[{"@type":"WebPage","@id":"https:\/\/ujpetre.hu\/wp\/ebek-osszeirasara\/","url":"https:\/\/ujpetre.hu\/wp\/ebek-osszeirasara\/","name":"Ebek \u00f6ssze\u00edr\u00e1s\u00e1ra - \u00daJPETRE","isPartOf":{"@id":"https:\/\/ujpetre.hu\/wp\/#website"},"datePublished":"2012-11-05T12:38:50+00:00","dateModified":"2014-10-05T12:46:47+00:00","author":{"@id":"https:\/\/ujpetre.hu\/wp\/#\/schema\/person\/d097444a11812d297a6dd48ed05c9215"},"breadcrumb":{"@id":"https:\/\/ujpetre.hu\/wp\/ebek-osszeirasara\/#breadcrumb"},"inLanguage":"hu","potentialAction":[{"@type":"ReadAction","target":["https:\/\/ujpetre.hu\/wp\/ebek-osszeirasara\/"]}]},{"@type":"BreadcrumbList","@id":"https:\/\/ujpetre.hu\/wp\/ebek-osszeirasara\/#breadcrumb","itemListElement":[{"@type":"ListItem","position":1,"name":"Kezd\u0151lap","item":"https:\/\/ujpetre.hu\/wp\/"},{"@type":"ListItem","position":2,"name":"Ebek \u00f6ssze\u00edr\u00e1s\u00e1ra"}]},{"@type":"WebSite","@id":"https:\/\/ujpetre.hu\/wp\/#website","url":"https:\/\/ujpetre.hu\/wp\/","name":"\u00daJPETRE","description":"Az \u00dajpetrei \u00d6nkorm\u00e1nyzat hivatalos weboldala","potentialAction":[{"@type":"SearchAction","target":{"@type":"EntryPoint","urlTemplate":"https:\/\/ujpetre.hu\/wp\/?s={search_term_string}"},"query-input":"required name=search_term_string"}],"inLanguage":"hu"},{"@type":"Person","@id":"https:\/\/ujpetre.hu\/wp\/#\/schema\/person\/d097444a11812d297a6dd48ed05c9215","name":"czisti","image":{"@type":"ImageObject","inLanguage":"hu","@id":"https:\/\/ujpetre.hu\/wp\/#\/schema\/person\/image\/","url":"https:\/\/secure.gravatar.com\/avatar\/7d8c21ef06a829a17302e5cb791522a8?s=96&d=mm&r=g","contentUrl":"https:\/\/secure.gravatar.com\/avatar\/7d8c21ef06a829a17302e5cb791522a8?s=96&d=mm&r=g","caption":"czisti"},"url":"https:\/\/ujpetre.hu\/wp\/author\/czisti\/"}]}},"_links":{"self":[{"href":"https:\/\/ujpetre.hu\/wp\/wp-json\/wp\/v2\/posts\/2502"}],"collection":[{"href":"https:\/\/ujpetre.hu\/wp\/wp-json\/wp\/v2\/posts"}],"about":[{"href":"https:\/\/ujpetre.hu\/wp\/wp-json\/wp\/v2\/types\/post"}],"author":[{"embeddable":true,"href":"https:\/\/ujpetre.hu\/wp\/wp-json\/wp\/v2\/users\/3"}],"replies":[{"embeddable":true,"href":"https:\/\/ujpetre.hu\/wp\/wp-json\/wp\/v2\/comments?post=2502"}],"version-history":[{"count":1,"href":"https:\/\/ujpetre.hu\/wp\/wp-json\/wp\/v2\/posts\/2502\/revisions"}],"predecessor-version":[{"id":2505,"href":"https:\/\/ujpetre.hu\/wp\/wp-json\/wp\/v2\/posts\/2502\/revisions\/2505"}],"wp:attachment":[{"href":"https:\/\/ujpetre.hu\/wp\/wp-json\/wp\/v2\/media?parent=2502"}],"wp:term":[{"taxonomy":"category","embeddable":true,"href":"https:\/\/ujpetre.hu\/wp\/wp-json\/wp\/v2\/categories?post=2502"},{"taxonomy":"post_tag","embeddable":true,"href":"https:\/\/ujpetre.hu\/wp\/wp-json\/wp\/v2\/tags?post=2502"}],"curies":[{"name":"wp","href":"https:\/\/api.w.org\/{rel}","templated":true}]}}