{"id":3188,"date":"2011-05-05T16:57:43","date_gmt":"2011-05-05T14:57:43","guid":{"rendered":"http:\/\/ujpetre.hu\/wp\/?p=3188"},"modified":"2014-10-05T16:59:14","modified_gmt":"2014-10-05T14:59:14","slug":"3188","status":"publish","type":"post","link":"https:\/\/ujpetre.hu\/wp\/3188\/","title":{"rendered":""},"content":{"rendered":"<p><a href=\"http:\/\/ujpetre.hu\/wp\/wp-content\/uploads\/2014\/10\/konk.png\"><img decoding=\"async\" loading=\"lazy\" class=\"alignleft wp-image-3189 size-medium\" src=\"http:\/\/ujpetre.hu\/wp\/wp-content\/uploads\/2014\/10\/konk-300x225.png\" alt=\"konk\" width=\"300\" height=\"225\" srcset=\"https:\/\/ujpetre.hu\/wp\/wp-content\/uploads\/2014\/10\/konk-300x225.png 300w, https:\/\/ujpetre.hu\/wp\/wp-content\/uploads\/2014\/10\/konk-400x300.png 400w, https:\/\/ujpetre.hu\/wp\/wp-content\/uploads\/2014\/10\/konk.png 800w\" sizes=\"(max-width: 300px) 100vw, 300px\" \/><\/a>A V\u00e1rosk\u00f6rny\u00e9ki atl\u00e9tika csapatverseny arany \u00e9s bronz\u00e9rme ut\u00e1n a fi\u00fak az egy\u00e9ni sz\u00e1mokban is remekeltek \u00f6sszesen 15 \u00e9rmet szereztek(3 arany,7 ez\u00fcst, 5 bronz).<br \/>\nA beremendi versenyt a p\u00e9csi Di\u00e1kolimpiai Megyei D\u00f6nt\u0151 k\u00f6vette. A mi fiainkn\u00e1l Baranya megy\u00e9ben csak 1-1 \u00fcgyesebb tanul\u00f3 akadt.<\/p>\n<h3>S\u00falyl\u00f6k\u00e9s II.hely Vida Valentin 12,32 m<br \/>\n1500m II.hely Vass D\u00e1niel 4:42 s<br \/>\nT\u00e1volugr\u00e1s III. hely L\u0151rincz M\u00e1rk 530 cm<\/h3>\n<p>A kisiskol\u00e1knak k\u00fcl\u00f6n rendeznek egy versenyt 3 pr\u00f3b\u00e1ban. K\u00e9tszer m\u00e1r megszerezt\u00fck az orsz\u00e1gos bajnoki c\u00edmet is. Id\u00e9n a megyei d\u00f6nt\u0151 9 csapat\u00e1b\u00f3l a II.helyen v\u00e9gezt\u00fcnk, nagyszer\u0171 eredm\u00e9nnyel.<br \/>\nLaczk\u00f3 Levente,Jozipovics M\u00e1rk,Farkas Viktor,Z\u00e1mb\u00f3 D\u00e1vid,L\u0151rincz M\u00e1rk, G\u00f6rcsi M\u00e1rk<br \/>\nItt Z\u00e1mb\u00f3 D\u00e1vid 600m \u00e9s Vass D\u00e1niel 800m bronz \u00e9rmet szerzett.<\/p>\n<h4><strong>Gratul\u00e1lunk fi\u00fak, ism\u00e9t \u00f6regb\u00edtett\u00e9tek iskol\u00e1nk \u00e9s falvaink j\u00f3 h\u00edrnev\u00e9t!\u00a0<\/strong><\/h4>\n<h4><strong>K\u00f6sz\u00f6nj\u00fck a Kiskassai \u00d6nkorm\u00e1nyzat \u00e9s az \u00dajpetrei Gazd\u00e1k t\u00e1mogat\u00e1s\u00e1t!<\/strong><\/h4>\n","protected":false},"excerpt":{"rendered":"<p>A V\u00e1rosk\u00f6rny\u00e9ki atl\u00e9tika csapatverseny arany \u00e9s bronz\u00e9rme ut\u00e1n a fi\u00fak az egy\u00e9ni sz\u00e1mokban is remekeltek \u00f6sszesen 15 \u00e9rmet szereztek(3 arany,7 ez\u00fcst, 5 bronz). A beremendi versenyt a p\u00e9csi Di\u00e1kolimpiai Megyei D\u00f6nt\u0151 k\u00f6vette. A mi fiainkn\u00e1l Baranya megy\u00e9ben csak 1-1 \u00fcgyesebb &hellip; <a class=\"more-link\" href=\"https:\/\/ujpetre.hu\/wp\/3188\/\">Olvasd tov\u00e1bb <span class=\"meta-nav\">&rarr;<\/span><\/a><\/p>\n","protected":false},"author":3,"featured_media":0,"comment_status":"closed","ping_status":"open","sticky":false,"template":"","format":"standard","meta":{"ngg_post_thumbnail":0,"footnotes":""},"categories":[26],"tags":[],"yoast_head":"<!-- This site is optimized with the Yoast SEO plugin v21.3 - https:\/\/yoast.com\/wordpress\/plugins\/seo\/ -->\n<title>- \u00daJPETRE<\/title>\n<meta name=\"robots\" content=\"index, follow, max-snippet:-1, max-image-preview:large, max-video-preview:-1\" \/>\n<link rel=\"canonical\" href=\"https:\/\/ujpetre.hu\/wp\/3188\/\" \/>\n<meta property=\"og:locale\" content=\"hu_HU\" \/>\n<meta property=\"og:type\" content=\"article\" \/>\n<meta property=\"og:title\" content=\"- \u00daJPETRE\" \/>\n<meta property=\"og:description\" content=\"A V\u00e1rosk\u00f6rny\u00e9ki atl\u00e9tika csapatverseny arany \u00e9s bronz\u00e9rme ut\u00e1n a fi\u00fak az egy\u00e9ni sz\u00e1mokban is remekeltek \u00f6sszesen 15 \u00e9rmet szereztek(3 arany,7 ez\u00fcst, 5 bronz). A beremendi versenyt a p\u00e9csi Di\u00e1kolimpiai Megyei D\u00f6nt\u0151 k\u00f6vette. A mi fiainkn\u00e1l Baranya megy\u00e9ben csak 1-1 \u00fcgyesebb &hellip; Olvasd tov\u00e1bb &rarr;\" \/>\n<meta property=\"og:url\" content=\"https:\/\/ujpetre.hu\/wp\/3188\/\" \/>\n<meta property=\"og:site_name\" content=\"\u00daJPETRE\" \/>\n<meta property=\"article:published_time\" content=\"2011-05-05T14:57:43+00:00\" \/>\n<meta property=\"article:modified_time\" content=\"2014-10-05T14:59:14+00:00\" \/>\n<meta property=\"og:image\" content=\"http:\/\/ujpetre.hu\/wp\/wp-content\/uploads\/2014\/10\/konk-300x225.png\" \/>\n<meta name=\"author\" content=\"czisti\" \/>\n<meta name=\"twitter:label1\" content=\"Szerz\u0151:\" \/>\n\t<meta name=\"twitter:data1\" content=\"czisti\" \/>\n\t<meta name=\"twitter:label2\" content=\"Becs\u00fclt olvas\u00e1si id\u0151\" \/>\n\t<meta name=\"twitter:data2\" content=\"1 perc\" \/>\n<script type=\"application\/ld+json\" class=\"yoast-schema-graph\">{\"@context\":\"https:\/\/schema.org\",\"@graph\":[{\"@type\":\"WebPage\",\"@id\":\"https:\/\/ujpetre.hu\/wp\/3188\/\",\"url\":\"https:\/\/ujpetre.hu\/wp\/3188\/\",\"name\":\"- \u00daJPETRE\",\"isPartOf\":{\"@id\":\"https:\/\/ujpetre.hu\/wp\/#website\"},\"datePublished\":\"2011-05-05T14:57:43+00:00\",\"dateModified\":\"2014-10-05T14:59:14+00:00\",\"author\":{\"@id\":\"https:\/\/ujpetre.hu\/wp\/#\/schema\/person\/d097444a11812d297a6dd48ed05c9215\"},\"inLanguage\":\"hu\",\"potentialAction\":[{\"@type\":\"ReadAction\",\"target\":[\"https:\/\/ujpetre.hu\/wp\/3188\/\"]}]},{\"@type\":\"WebSite\",\"@id\":\"https:\/\/ujpetre.hu\/wp\/#website\",\"url\":\"https:\/\/ujpetre.hu\/wp\/\",\"name\":\"\u00daJPETRE\",\"description\":\"Az \u00dajpetrei \u00d6nkorm\u00e1nyzat hivatalos weboldala\",\"potentialAction\":[{\"@type\":\"SearchAction\",\"target\":{\"@type\":\"EntryPoint\",\"urlTemplate\":\"https:\/\/ujpetre.hu\/wp\/?s={search_term_string}\"},\"query-input\":\"required name=search_term_string\"}],\"inLanguage\":\"hu\"},{\"@type\":\"Person\",\"@id\":\"https:\/\/ujpetre.hu\/wp\/#\/schema\/person\/d097444a11812d297a6dd48ed05c9215\",\"name\":\"czisti\",\"image\":{\"@type\":\"ImageObject\",\"inLanguage\":\"hu\",\"@id\":\"https:\/\/ujpetre.hu\/wp\/#\/schema\/person\/image\/\",\"url\":\"https:\/\/secure.gravatar.com\/avatar\/7d8c21ef06a829a17302e5cb791522a8?s=96&d=mm&r=g\",\"contentUrl\":\"https:\/\/secure.gravatar.com\/avatar\/7d8c21ef06a829a17302e5cb791522a8?s=96&d=mm&r=g\",\"caption\":\"czisti\"},\"url\":\"https:\/\/ujpetre.hu\/wp\/author\/czisti\/\"}]}<\/script>\n<!-- \/ Yoast SEO plugin. -->","yoast_head_json":{"title":"- \u00daJPETRE","robots":{"index":"index","follow":"follow","max-snippet":"max-snippet:-1","max-image-preview":"max-image-preview:large","max-video-preview":"max-video-preview:-1"},"canonical":"https:\/\/ujpetre.hu\/wp\/3188\/","og_locale":"hu_HU","og_type":"article","og_title":"- \u00daJPETRE","og_description":"A V\u00e1rosk\u00f6rny\u00e9ki atl\u00e9tika csapatverseny arany \u00e9s bronz\u00e9rme ut\u00e1n a fi\u00fak az egy\u00e9ni sz\u00e1mokban is remekeltek \u00f6sszesen 15 \u00e9rmet szereztek(3 arany,7 ez\u00fcst, 5 bronz). A beremendi versenyt a p\u00e9csi Di\u00e1kolimpiai Megyei D\u00f6nt\u0151 k\u00f6vette. A mi fiainkn\u00e1l Baranya megy\u00e9ben csak 1-1 \u00fcgyesebb &hellip; Olvasd tov\u00e1bb &rarr;","og_url":"https:\/\/ujpetre.hu\/wp\/3188\/","og_site_name":"\u00daJPETRE","article_published_time":"2011-05-05T14:57:43+00:00","article_modified_time":"2014-10-05T14:59:14+00:00","og_image":[{"url":"http:\/\/ujpetre.hu\/wp\/wp-content\/uploads\/2014\/10\/konk-300x225.png"}],"author":"czisti","twitter_misc":{"Szerz\u0151:":"czisti","Becs\u00fclt olvas\u00e1si id\u0151":"1 perc"},"schema":{"@context":"https:\/\/schema.org","@graph":[{"@type":"WebPage","@id":"https:\/\/ujpetre.hu\/wp\/3188\/","url":"https:\/\/ujpetre.hu\/wp\/3188\/","name":"- \u00daJPETRE","isPartOf":{"@id":"https:\/\/ujpetre.hu\/wp\/#website"},"datePublished":"2011-05-05T14:57:43+00:00","dateModified":"2014-10-05T14:59:14+00:00","author":{"@id":"https:\/\/ujpetre.hu\/wp\/#\/schema\/person\/d097444a11812d297a6dd48ed05c9215"},"inLanguage":"hu","potentialAction":[{"@type":"ReadAction","target":["https:\/\/ujpetre.hu\/wp\/3188\/"]}]},{"@type":"WebSite","@id":"https:\/\/ujpetre.hu\/wp\/#website","url":"https:\/\/ujpetre.hu\/wp\/","name":"\u00daJPETRE","description":"Az \u00dajpetrei \u00d6nkorm\u00e1nyzat hivatalos weboldala","potentialAction":[{"@type":"SearchAction","target":{"@type":"EntryPoint","urlTemplate":"https:\/\/ujpetre.hu\/wp\/?s={search_term_string}"},"query-input":"required name=search_term_string"}],"inLanguage":"hu"},{"@type":"Person","@id":"https:\/\/ujpetre.hu\/wp\/#\/schema\/person\/d097444a11812d297a6dd48ed05c9215","name":"czisti","image":{"@type":"ImageObject","inLanguage":"hu","@id":"https:\/\/ujpetre.hu\/wp\/#\/schema\/person\/image\/","url":"https:\/\/secure.gravatar.com\/avatar\/7d8c21ef06a829a17302e5cb791522a8?s=96&d=mm&r=g","contentUrl":"https:\/\/secure.gravatar.com\/avatar\/7d8c21ef06a829a17302e5cb791522a8?s=96&d=mm&r=g","caption":"czisti"},"url":"https:\/\/ujpetre.hu\/wp\/author\/czisti\/"}]}},"_links":{"self":[{"href":"https:\/\/ujpetre.hu\/wp\/wp-json\/wp\/v2\/posts\/3188"}],"collection":[{"href":"https:\/\/ujpetre.hu\/wp\/wp-json\/wp\/v2\/posts"}],"about":[{"href":"https:\/\/ujpetre.hu\/wp\/wp-json\/wp\/v2\/types\/post"}],"author":[{"embeddable":true,"href":"https:\/\/ujpetre.hu\/wp\/wp-json\/wp\/v2\/users\/3"}],"replies":[{"embeddable":true,"href":"https:\/\/ujpetre.hu\/wp\/wp-json\/wp\/v2\/comments?post=3188"}],"version-history":[{"count":1,"href":"https:\/\/ujpetre.hu\/wp\/wp-json\/wp\/v2\/posts\/3188\/revisions"}],"predecessor-version":[{"id":3190,"href":"https:\/\/ujpetre.hu\/wp\/wp-json\/wp\/v2\/posts\/3188\/revisions\/3190"}],"wp:attachment":[{"href":"https:\/\/ujpetre.hu\/wp\/wp-json\/wp\/v2\/media?parent=3188"}],"wp:term":[{"taxonomy":"category","embeddable":true,"href":"https:\/\/ujpetre.hu\/wp\/wp-json\/wp\/v2\/categories?post=3188"},{"taxonomy":"post_tag","embeddable":true,"href":"https:\/\/ujpetre.hu\/wp\/wp-json\/wp\/v2\/tags?post=3188"}],"curies":[{"name":"wp","href":"https:\/\/api.w.org\/{rel}","templated":true}]}}